{"id":9983,"date":"2015-09-14T07:08:45","date_gmt":"2015-09-14T11:08:45","guid":{"rendered":"https:\/\/ocorreionews.com.br\/?p=9983"},"modified":"2015-09-14T09:03:47","modified_gmt":"2015-09-14T13:03:47","slug":"sanesul-esta-ativando-poco-para-ampliar-capacidade-de-abastecimento-de-agua-em-chapadao","status":"publish","type":"post","link":"https:\/\/www.ocorreionews.com.br\/acervo-correio\/?p=9983","title":{"rendered":"Sanesul est\u00e1 ativando po\u00e7o para ampliar capacidade de abastecimento de \u00e1gua em Chapad\u00e3o"},"content":{"rendered":"<p>Com o objetivo de ampliar a capacidade de abastecimento de \u00e1gua em Chapad\u00e3o do Sul, a Sanesul (Empresa de Saneamento de Mato Grosso do Sul) est\u00e1 ativando po\u00e7o com vaz\u00e3o de 80 mil litros de \u00e1gua por hora. A a\u00e7\u00e3o visa evitar o desabastecimento de \u00e1gua na cidade principalmente nos dias mais quentes, em que o consumo aumenta bastante.<\/p>\n<div align=\"justify\">\n<p>&#8220;A Sanesul perfurou e est\u00e1 ativando o po\u00e7o. A previs\u00e3o \u00e9 de que a ativa\u00e7\u00e3o seja executada em quatro meses, mas estamos fazendo de tudo para que a obra seja finalizada o quanto antes. Ser\u00e1 feita a urbaniza\u00e7\u00e3o do local, energiza\u00e7\u00e3o, faremos uma adutora e outras interven\u00e7\u00f5es. Com este po\u00e7o em funcionamento, vamos resolver definitivamente a quest\u00e3o da produ\u00e7\u00e3o de \u00e1gua em Chapad\u00e3o&#8221;, explicou o gerente de Sistemas de Abastecimento de \u00c1gua, Jos\u00e9 Roberto Cardoso Ferreira.<\/p>\n<p>Segundo o gerente, al\u00e9m da ativa\u00e7\u00e3o do po\u00e7o est\u00e1 sendo feito o trabalho de setoriza\u00e7\u00e3o para melhorar a distribui\u00e7\u00e3o de \u00e1gua na cidade. &#8220;Este trabalho consiste na an\u00e1lise das press\u00f5es na rede de distribui\u00e7\u00e3o em alguns pontos do munic\u00edpio, e na divis\u00e3o dos sistemas de modo que a \u00e1gua chegue com a mesma press\u00e3o em todos os pontos da cidade, tanto os mais altos quanto os mais baixos&#8221;.<\/p>\n<figure id=\"attachment_9984\" aria-describedby=\"caption-attachment-9984\" style=\"width: 570px\" class=\"wp-caption alignnone\"><a href=\"https:\/\/ocorreionews.com.br\/wp-content\/uploads\/2015\/09\/Foto-mat\u00e9ria.jpg\"><img loading=\"lazy\" decoding=\"async\" class=\"wp-image-9984 size-full\" src=\"https:\/\/ocorreionews.com.br\/wp-content\/uploads\/2015\/09\/Foto-mat\u00e9ria.jpg\" alt=\"Foto mat\u00e9ria\" width=\"570\" height=\"320\" srcset=\"https:\/\/www.ocorreionews.com.br\/acervo-correio\/wp-content\/uploads\/2015\/09\/Foto-mat\u00e9ria.jpg 570w, https:\/\/www.ocorreionews.com.br\/acervo-correio\/wp-content\/uploads\/2015\/09\/Foto-mat\u00e9ria-300x168.jpg 300w\" sizes=\"auto, (max-width: 570px) 100vw, 570px\" \/><\/a><figcaption id=\"caption-attachment-9984\" class=\"wp-caption-text\">Po\u00e7o ter\u00e1 vaz\u00e3o de 80 mil litros de \u00e1gua por hora e vai ampliar a capacidade de abastecimento de \u00e1gua na cidade<\/figcaption><\/figure>\n<p>A ativa\u00e7\u00e3o do po\u00e7o vai resolver o problema do desabastecimento em picos de consumo, mas \u00e9 importante ressaltar a import\u00e2ncia de os moradores instalarem caixas d\u00b4\u00e1gua em suas resid\u00eancias, visto que a maioria da popula\u00e7\u00e3o n\u00e3o possui reservat\u00f3rios em casa. Se os reservat\u00f3rios forem instalados, em caso de manuten\u00e7\u00e3o preventiva na rede, n\u00e3o acontecer\u00e1 o desabastecimento, tendo em vista que os mesmos ter\u00e3o \u00e1gua armazenada para suprir a demanda at\u00e9 que a distribui\u00e7\u00e3o volte \u00e0 normalidade.<\/p>\n<p>A obra de ativa\u00e7\u00e3o do po\u00e7o CPS-013 est\u00e1 sendo executada com recursos pr\u00f3prios da Sanesul, ao custo total de R$ 319.558. Est\u00e1 sendo feita a urbaniza\u00e7\u00e3o da \u00e1rea, instala\u00e7\u00e3o de bomba, painel de comando e execu\u00e7\u00e3o de 730 metros de rede adutora.<\/p>\n<p><strong>Uso racional da \u00e1gua<\/strong><\/p>\n<p>Mesmo com o abastecimento regular, \u00e9 necess\u00e1rio destacar tamb\u00e9m \u00a0a import\u00e2ncia de se economizar \u00e1gua como forma de preservar os recursos h\u00eddricos. Medidas simples como fechar a torneira quando a \u00e1gua n\u00e3o estiver sendo utilizada durante a lavagem da lou\u00e7a, escova\u00e7\u00e3o dos dentes e durante o banho; utilizar balde ao inv\u00e9s de mangueiras para lavar o carro; varrer as cal\u00e7adas com vassoura; verificar se a v\u00e1lvula do vaso sanit\u00e1rio est\u00e1 regulada e se h\u00e1 vazamento nas instala\u00e7\u00f5es internas, contribuem para economizar \u00e1gua.<\/p>\n<\/div>\n<div id=\"ecxSignature\">\n<div id=\"ecxdivtagdefaultwrapper\"><strong><br \/>\n<\/strong><\/div>\n<div id=\"ecxdivtagdefaultwrapper\"><strong>Larissa Almeida<\/strong><br \/>\nCoordenadora de Comunica\u00e7\u00e3o Sanesul<\/div>\n<\/div>\n","protected":false},"excerpt":{"rendered":"<p>Com o objetivo de ampliar a capacidade de abastecimento de \u00e1gua em Chapad\u00e3o do Sul, a Sanesul (Empresa de Saneamento de Mato Grosso do Sul) est\u00e1 ativando po\u00e7o com vaz\u00e3o de 80 mil litros de \u00e1gua por hora. A a\u00e7\u00e3o visa evitar o desabastecimento de \u00e1gua na cidade principalmente nos dias mais quentes, em que [&hellip;]<\/p>\n","protected":false},"author":4,"featured_media":9985,"comment_status":"closed","ping_status":"closed","sticky":false,"template":"","format":"standard","meta":{"footnotes":""},"categories":[23],"tags":[],"class_list":["post-9983","post","type-post","status-publish","format-standard","has-post-thumbnail","hentry","category-chapadao-do-sul"],"_links":{"self":[{"href":"https:\/\/www.ocorreionews.com.br\/acervo-correio\/index.php?rest_route=\/wp\/v2\/posts\/9983","targetHints":{"allow":["GET"]}}],"collection":[{"href":"https:\/\/www.ocorreionews.com.br\/acervo-correio\/index.php?rest_route=\/wp\/v2\/posts"}],"about":[{"href":"https:\/\/www.ocorreionews.com.br\/acervo-correio\/index.php?rest_route=\/wp\/v2\/types\/post"}],"author":[{"embeddable":true,"href":"https:\/\/www.ocorreionews.com.br\/acervo-correio\/index.php?rest_route=\/wp\/v2\/users\/4"}],"replies":[{"embeddable":true,"href":"https:\/\/www.ocorreionews.com.br\/acervo-correio\/index.php?rest_route=%2Fwp%2Fv2%2Fcomments&post=9983"}],"version-history":[{"count":0,"href":"https:\/\/www.ocorreionews.com.br\/acervo-correio\/index.php?rest_route=\/wp\/v2\/posts\/9983\/revisions"}],"wp:featuredmedia":[{"embeddable":true,"href":"https:\/\/www.ocorreionews.com.br\/acervo-correio\/index.php?rest_route=\/wp\/v2\/media\/9985"}],"wp:attachment":[{"href":"https:\/\/www.ocorreionews.com.br\/acervo-correio\/index.php?rest_route=%2Fwp%2Fv2%2Fmedia&parent=9983"}],"wp:term":[{"taxonomy":"category","embeddable":true,"href":"https:\/\/www.ocorreionews.com.br\/acervo-correio\/index.php?rest_route=%2Fwp%2Fv2%2Fcategories&post=9983"},{"taxonomy":"post_tag","embeddable":true,"href":"https:\/\/www.ocorreionews.com.br\/acervo-correio\/index.php?rest_route=%2Fwp%2Fv2%2Ftags&post=9983"}],"curies":[{"name":"wp","href":"https:\/\/api.w.org\/{rel}","templated":true}]}}