{"id":9987,"date":"2015-09-14T07:09:51","date_gmt":"2015-09-14T11:09:51","guid":{"rendered":"https:\/\/ocorreionews.com.br\/?p=9987"},"modified":"2015-09-14T07:18:14","modified_gmt":"2015-09-14T11:18:14","slug":"ccr-msvia-inicia-cobranca-de-pedagio-a-zero-hora-desta-segunda-1409","status":"publish","type":"post","link":"https:\/\/www.ocorreionews.com.br\/acervo-correio\/?p=9987","title":{"rendered":"CCR MSVia inicia cobran\u00e7a de ped\u00e1gio \u00e0 zero hora desta segunda (14\/09)"},"content":{"rendered":"<p class=\"ecxMsoNoSpacing\">Conforme vem anunciando h\u00e1 dez dias, a CCR MSVia iniciar\u00e1 a cobran\u00e7a nas pra\u00e7as de ped\u00e1gio da BR-163\/MS a partir de zero hora desta segunda-feira (14), meia-noite de domingo. Os valores da tarifa b\u00e1sica para ve\u00edculos de passeio variam entre R$ 4,70 e R$ 7,20, dependendo da pra\u00e7a (veja tabela abaixo). Os ve\u00edculos comerciais pagam a tarifa b\u00e1sica vezes o n\u00famero de eixos.<\/p>\n<p class=\"ecxMsoNoSpacing\">\u00a0Desde o dia 04\/09, a empresa vem realizando a Opera\u00e7\u00e3o Assistida, com a passagem e parada dos ve\u00edculos pelas cabines, sem cobran\u00e7a, para alertar e informar os motoristas sobre a cobran\u00e7a por meio de folheto com a tabela de valores. A cobran\u00e7a de ped\u00e1gio foi autorizada pela ANTT (Ag\u00eancia Nacional de Transportes Terrestres) na Resolu\u00e7\u00e3o n\u00ba 4286, publicada no Di\u00e1rio Oficial da Uni\u00e3o (D.O.U.) de 04\/09\/2015.<\/p>\n<p class=\"ecxMsoNoSpacing\">\u00a0As pra\u00e7as de ped\u00e1gio est\u00e3o instaladas nos seguintes locais: P1 \u2013 Mundo Novo (km 28,2); P2 \u2013 Itaquira\u00ed (km 113,2); P3 \u2013 Caarap\u00f3 (km 227,9); P4 \u2013 Rio Brilhante (km 313,7); P5 \u2013 Campo Grande (km 432,1); P6 \u2013 Jaraguari (km 533,8); P7 \u2013 S\u00e3o Gabriel do Oeste (km 603,4); P8 \u2013 Rio Verde de Mato Grosso (km 703,5) e P9 \u2013 Pedro Gomes (km 817,8).<\/p>\n<p class=\"ecxMsoNormal\">\u00a0O pagamento nas pra\u00e7as de ped\u00e1gio deve ser feito por meio de dinheiro ou cheque.\u00a0 Nos postos de cobran\u00e7a n\u00e3o ser\u00e3o aceitos cart\u00f5es de d\u00e9bito ou cart\u00f5es de cr\u00e9dito.\u00a0Haver\u00e1, ainda, a possibilidade do pagamento eletr\u00f4nico, por meio de dispositivos instalados nos para-brisas dos ve\u00edculos, os chamados TAGS.<\/p>\n<p class=\"ecxMsoNoSpacing\">\u00a0Para maiores informa\u00e7\u00f5es sobre esses dispositivos, os usu\u00e1rios deve fazer contato com as operadoras: Via F\u00e1cil\/Sem Parar \u2013 0800 7217367; Conectcar \u2013 0800 0302227 ou 4020-2227; Auto Expresso \u2013 0800 8802010 ou 4003-0377 e Movemais \u2013 0800 7651000 ou 3003-7651.<\/p>\n<p class=\"ecxMsoNoSpacing\">Transportadores tamb\u00e9m podem usar o Vale Ped\u00e1gio da bandeira Via F\u00e1cil\/Sem Parar. Maiores informa\u00e7\u00f5es pelo telefone 0800 015 0252 \u2013 OP\u00c7\u00c3O 4.<\/p>\n<p class=\"ecxMsoNoSpacing\"><img loading=\"lazy\" decoding=\"async\" id=\"ecxImagem_x0020_1\" src=\"https:\/\/col129.afx.ms\/att\/GetInline.aspx?messageid=4ddcedad-5a63-11e5-ad28-002264c1d380&amp;attindex=0&amp;cp=-1&amp;attdepth=0&amp;imgsrc=cid:image002.jpg%4001D0EE4E.64527650&amp;cid=22d7a2847cbfd73a&amp;shared=1&amp;hm__login=jornalocorreio&amp;hm__domain=live.com&amp;ip=10.148.44.8&amp;d=d2509&amp;mf=0&amp;hm__ts=Mon%2c%2014%20Sep%202015%2011:14:13%20GMT&amp;st=jornalocorreio%25live.com%407&amp;hm__ha=01_b324733369eed3ff00bdab9b77182edbc94982e3a7657c3be5ad3d48c867eeff&amp;oneredir=1\" alt=\"\" width=\"567\" height=\"401\" \/><\/p>\n<p class=\"ecxMsoNoSpacing\"><b>Inje\u00e7\u00e3o de R$ 730 milh\u00f5es na rodovia<\/b><\/p>\n<p class=\"ecxMsoNormal\">A CCR MSVia j\u00e1 injetou mais de R$ 730 milh\u00f5es em obras, servi\u00e7os, equipamentos e m\u00e3o de obra, o que proporcionou ao usu\u00e1rio melhores condi\u00e7\u00f5es no tr\u00e1fego e na seguran\u00e7a. Os investimentos resultaram na redu\u00e7\u00e3o de cerca de 50% no n\u00famero de mortes registradas na rodovia.<\/p>\n<p class=\"ecxMsoNoSpacing\">\u00a0Ao longo do \u00faltimo ano e meio, foram recuperados cerca de 500 quil\u00f4metros de pavimento, com quase 275 mil toneladas de massa asf\u00e1ltica. A empresa investiu, ainda, em elementos de seguran\u00e7a, com 4 mil m\u00b2 de sinaliza\u00e7\u00e3o vertical (placas) e cerca de 255 mil m\u00b2 de sinaliza\u00e7\u00e3o horizontal (faixas, tachas refletivas e balizadores). Al\u00e9m disso, foram colocados 330 km de cercas e 11 km de defensas met\u00e1licas, bem como 115 km de meios-fios revitalizados e 7 mil quil\u00f4metros de ciclos de capina e ro\u00e7ada, quase oito vezes a extens\u00e3o da rodovia.<\/p>\n<p class=\"ecxMsoNoSpacing\">\u00a0Em agosto deste ano, a CCR MSVia entregou ao tr\u00e1fego os primeiros trechos de duplica\u00e7\u00e3o, que totalizam cerca de 90 quil\u00f4metros de extens\u00e3o, atendendo \u00e0 exig\u00eancia contratual de concluir pelo menos 10% de duplica\u00e7\u00e3o da rodovia.<\/p>\n<p class=\"ecxMsoNoSpacing\">\u00a0At\u00e9 agora, as obras conduzidas pela CCR MSVia geraram \u00e0s prefeituras de cidades servidas pela BR-163\/MS, mais de R$ 16 milh\u00f5es em ISSQN (Imposto Sobre Servi\u00e7os de Qualquer Natureza).<\/p>\n<p class=\"ecxMsoNormal\">Desde outubro de 2014, a Concession\u00e1ria opera na rodovia com o SAU \u2013 Servi\u00e7o de Atendimento do Usu\u00e1rio, que atua a partir de 17 bases operacionais ao longo da rodovia, 24 horas por dia. Desde o in\u00edcio de sua opera\u00e7\u00e3o, foram realizados mais de 110 mil atendimentos. Com uma\u00a0equipe de cerca de 500 colaboradores \u00e0 disposi\u00e7\u00e3o dos usu\u00e1rios, o servi\u00e7o conta com cerca de 80 viaturas, entre elas 12 ambul\u00e2ncias-resgate, 05 unidades m\u00f3veis de terapia intensiva, 04 VIRs (Viaturas M\u00e9dicas de Interven\u00e7\u00e3o R\u00e1pida), 08 guinchos pesados, 17 guinchos leves, 19 inspe\u00e7\u00f5es de tr\u00e1fego e 11 caminh\u00f5es de servi\u00e7o.<\/p>\n<p class=\"ecxMsoNormal\">\n<p class=\"ecxMsoNoSpacing\">\n","protected":false},"excerpt":{"rendered":"<p>Conforme vem anunciando h\u00e1 dez dias, a CCR MSVia iniciar\u00e1 a cobran\u00e7a nas pra\u00e7as de ped\u00e1gio da BR-163\/MS a partir de zero hora desta segunda-feira (14), meia-noite de domingo. Os valores da tarifa b\u00e1sica para ve\u00edculos de passeio variam entre R$ 4,70 e R$ 7,20, dependendo da pra\u00e7a (veja tabela abaixo). Os ve\u00edculos comerciais pagam [&hellip;]<\/p>\n","protected":false},"author":4,"featured_media":9988,"comment_status":"closed","ping_status":"closed","sticky":false,"template":"","format":"standard","meta":{"footnotes":""},"categories":[26],"tags":[],"class_list":["post-9987","post","type-post","status-publish","format-standard","has-post-thumbnail","hentry","category-economia"],"_links":{"self":[{"href":"https:\/\/www.ocorreionews.com.br\/acervo-correio\/index.php?rest_route=\/wp\/v2\/posts\/9987","targetHints":{"allow":["GET"]}}],"collection":[{"href":"https:\/\/www.ocorreionews.com.br\/acervo-correio\/index.php?rest_route=\/wp\/v2\/posts"}],"about":[{"href":"https:\/\/www.ocorreionews.com.br\/acervo-correio\/index.php?rest_route=\/wp\/v2\/types\/post"}],"author":[{"embeddable":true,"href":"https:\/\/www.ocorreionews.com.br\/acervo-correio\/index.php?rest_route=\/wp\/v2\/users\/4"}],"replies":[{"embeddable":true,"href":"https:\/\/www.ocorreionews.com.br\/acervo-correio\/index.php?rest_route=%2Fwp%2Fv2%2Fcomments&post=9987"}],"version-history":[{"count":0,"href":"https:\/\/www.ocorreionews.com.br\/acervo-correio\/index.php?rest_route=\/wp\/v2\/posts\/9987\/revisions"}],"wp:featuredmedia":[{"embeddable":true,"href":"https:\/\/www.ocorreionews.com.br\/acervo-correio\/index.php?rest_route=\/wp\/v2\/media\/9988"}],"wp:attachment":[{"href":"https:\/\/www.ocorreionews.com.br\/acervo-correio\/index.php?rest_route=%2Fwp%2Fv2%2Fmedia&parent=9987"}],"wp:term":[{"taxonomy":"category","embeddable":true,"href":"https:\/\/www.ocorreionews.com.br\/acervo-correio\/index.php?rest_route=%2Fwp%2Fv2%2Fcategories&post=9987"},{"taxonomy":"post_tag","embeddable":true,"href":"https:\/\/www.ocorreionews.com.br\/acervo-correio\/index.php?rest_route=%2Fwp%2Fv2%2Ftags&post=9987"}],"curies":[{"name":"wp","href":"https:\/\/api.w.org\/{rel}","templated":true}]}}