{"id":9990,"date":"2015-09-14T07:25:38","date_gmt":"2015-09-14T11:25:38","guid":{"rendered":"https:\/\/ocorreionews.com.br\/?p=9990"},"modified":"2015-09-14T07:25:38","modified_gmt":"2015-09-14T11:25:38","slug":"campo-grandense-e-escolhida-princesa-da-tradicional-festa-da-uva-no-rs","status":"publish","type":"post","link":"https:\/\/www.ocorreionews.com.br\/acervo-correio\/?p=9990","title":{"rendered":"Campo-grandense \u00e9 escolhida princesa da tradicional Festa da Uva no RS"},"content":{"rendered":"<p>Com 26 anos de idade, a estudante de fisioterapia Laura Denardi Fritz nunca imaginou que um dia seria escolhida como princesa da tradicional Festa da Uva de Caxias do Sul (RS). Nascida em Campo Grande, mas de fam\u00edlia ga\u00facha, ela voltou para o sul ainda crian\u00e7a e no dia 5 de setembro foi eleita representante de uma das maiores festas do pa\u00eds.<\/p>\n<p>Envolta em um glamour que mais parece concurso de miss, a rainha e as princesas da Festa da Uva tem como diferencial o uso de roupas e vestidos tradicionais e quase folcl\u00f3ricos \u201cO evento de escolha da Rainha e Princesas mobiliza a comunidade caxiense. Alguns amigos e conhecidos j\u00e1 tinham me falado para concorrer. Depois de me informar sobre o concurso percebi que ele \u00e9 muito mais cultural do que de beleza e a partir desse momento veio a vontade de participar\u201d, afirma Laura.<br \/>\nPrimeira sul-mato-grossense escolhida para o cargo, Laura acredita que a responsabilidade \u00e9 ainda maior. \u201c\u00c9 uma honra muito grande estar como princesa de uma Festa de tanta import\u00e2ncia para o sul do pa\u00eds. Sendo sul-mato-grossense represento aquelas pessoas que vieram de fora em busca de novas oportunidades e escolheram Caxias como a sua cidade\u201d, explica.<\/p>\n<p>Antes da competi\u00e7\u00e3o em setembro, Laura participou de v\u00e1rias palestras e eventos na cidade. \u201cExiste um pr\u00e9-concurso que antecede o dia da escolha, que neste ano foi dia 5 de setembro. As prepara\u00e7\u00f5es come\u00e7aram no dia 11 de junho e tivemos v\u00e1rios eventos, palestras, visita\u00e7\u00f5es e passeios em locais hist\u00f3ricos e tur\u00edsticos da cidade\u201d, diz.<\/p>\n<p>A Festa da Uva foi criada em 1931 para celebrar a colheita e a vit\u00f3ria do trabalho dos imigrantes italianos. A entrada para o evento \u00e9 franca com diversas comidas t\u00edpicas, inova\u00e7\u00f5es gastron\u00f4micas e apresenta\u00e7\u00f5es culturais. A import\u00e2ncia da rainha e das princesas \u00e9 t\u00e3o grande que at\u00e9 carreata com as concorrentes ao cargo \u00e9 feita na cidade.<\/p>\n<p>\u201cA Festa da Uva \u00e9 um evento de grande import\u00e2ncia n\u00e3o s\u00f3 para nossa cidade, mas tamb\u00e9m para nosso estado e pa\u00eds. A grande import\u00e2ncia cultural est\u00e1 na celebra\u00e7\u00e3o do trabalho, do fruto colhido e das tradi\u00e7\u00f5es que nossos antepassados nos deixaram\u201d, acredita Laura.<\/p>\n<h5>Naiane Mesquita, Campo Grande News<\/h5>\n","protected":false},"excerpt":{"rendered":"<p>Com 26 anos de idade, a estudante de fisioterapia Laura Denardi Fritz nunca imaginou que um dia seria escolhida como princesa da tradicional Festa da Uva de Caxias do Sul (RS). Nascida em Campo Grande, mas de fam\u00edlia ga\u00facha, ela voltou para o sul ainda crian\u00e7a e no dia 5 de setembro foi eleita representante [&hellip;]<\/p>\n","protected":false},"author":4,"featured_media":9992,"comment_status":"closed","ping_status":"closed","sticky":false,"template":"","format":"standard","meta":{"footnotes":""},"categories":[31],"tags":[],"class_list":["post-9990","post","type-post","status-publish","format-standard","has-post-thumbnail","hentry","category-geral"],"_links":{"self":[{"href":"https:\/\/www.ocorreionews.com.br\/acervo-correio\/index.php?rest_route=\/wp\/v2\/posts\/9990","targetHints":{"allow":["GET"]}}],"collection":[{"href":"https:\/\/www.ocorreionews.com.br\/acervo-correio\/index.php?rest_route=\/wp\/v2\/posts"}],"about":[{"href":"https:\/\/www.ocorreionews.com.br\/acervo-correio\/index.php?rest_route=\/wp\/v2\/types\/post"}],"author":[{"embeddable":true,"href":"https:\/\/www.ocorreionews.com.br\/acervo-correio\/index.php?rest_route=\/wp\/v2\/users\/4"}],"replies":[{"embeddable":true,"href":"https:\/\/www.ocorreionews.com.br\/acervo-correio\/index.php?rest_route=%2Fwp%2Fv2%2Fcomments&post=9990"}],"version-history":[{"count":0,"href":"https:\/\/www.ocorreionews.com.br\/acervo-correio\/index.php?rest_route=\/wp\/v2\/posts\/9990\/revisions"}],"wp:featuredmedia":[{"embeddable":true,"href":"https:\/\/www.ocorreionews.com.br\/acervo-correio\/index.php?rest_route=\/wp\/v2\/media\/9992"}],"wp:attachment":[{"href":"https:\/\/www.ocorreionews.com.br\/acervo-correio\/index.php?rest_route=%2Fwp%2Fv2%2Fmedia&parent=9990"}],"wp:term":[{"taxonomy":"category","embeddable":true,"href":"https:\/\/www.ocorreionews.com.br\/acervo-correio\/index.php?rest_route=%2Fwp%2Fv2%2Fcategories&post=9990"},{"taxonomy":"post_tag","embeddable":true,"href":"https:\/\/www.ocorreionews.com.br\/acervo-correio\/index.php?rest_route=%2Fwp%2Fv2%2Ftags&post=9990"}],"curies":[{"name":"wp","href":"https:\/\/api.w.org\/{rel}","templated":true}]}}